{"id":1279,"date":"2019-12-18T21:03:33","date_gmt":"2019-12-18T20:03:33","guid":{"rendered":"http:\/\/www.valyans.com\/?p=1279"},"modified":"2026-02-16T18:02:32","modified_gmt":"2026-02-16T17:02:32","slug":"le-cabinet-valyans-partenaire-academique-du-eu-africa-business-summit-2019","status":"publish","type":"post","link":"https:\/\/www.valyans.com\/en\/2019\/12\/18\/le-cabinet-valyans-partenaire-academique-du-eu-africa-business-summit-2019\/","title":{"rendered":"Valyans, academic partner of eu-africa business summit 2019"},"content":{"rendered":"<p>Valyans a \u00e9t\u00e9 le partenaire acad\u00e9mique du EU-Africa Business Summit 2019 qui s\u2019est tenu \u00e0 Marrakech et dont l\u2019objectif \u00e9tait de d\u00e9finir un partenariat \u00ab Win-Win \u00bb entre l\u2019Union Europ\u00e9enne et l\u2019Afrique.<\/p>\n<p>200 leaders politiques et dirigeants d&#8217;entreprises europ\u00e9ennes et africaines s\u2019y sont r\u00e9unis pour discuter des opportunit\u00e9s politiques, \u00e9conomiques, sociales et environnementales autour du continent africain.<\/p>\n<p>Saadia Slaoui Bennani, PDG de Valyans Consulting, a tenu les discours d\u2019ouverture et de cl\u00f4ture du sommet et a anim\u00e9 la session pl\u00e9ni\u00e8re, abordant les d\u00e9fis et les opportunit\u00e9s cr\u00e9\u00e9s par la Zone de Libre-\u00e9change Continentale Africaine (ZLECA) et l&#8217;avenir du partenariat Afrique\/UE.<\/p>\n<p><img loading=\"lazy\" decoding=\"async\" class=\"size-medium wp-image-1281 aligncenter\" src=\"http:\/\/www.valyans.com\/wp-content\/uploads\/2019\/12\/49162961482_15cf6ca23c_b-300x200.jpg\" alt=\"\" width=\"300\" height=\"200\" srcset=\"https:\/\/www.valyans.com\/wp-content\/uploads\/2019\/12\/49162961482_15cf6ca23c_b-300x200.jpg 300w, https:\/\/www.valyans.com\/wp-content\/uploads\/2019\/12\/49162961482_15cf6ca23c_b.jpg 1024w, https:\/\/www.valyans.com\/wp-content\/uploads\/2019\/12\/49162961482_15cf6ca23c_b-290x193.jpg 290w\" sizes=\"auto, (max-width: 300px) 100vw, 300px\" \/><\/p>\n<p>Nawal Khayatei, Senior Partner de Valyans Consulting, a anim\u00e9 le panel sur &#8220;Le renforcement des cha\u00eenes de valeur globales : la voie vers une industrialisation inclusive et durable en Afrique&#8221;.<\/p>\n<p><img loading=\"lazy\" decoding=\"async\" class=\"size-medium wp-image-1282 aligncenter\" src=\"http:\/\/www.valyans.com\/wp-content\/uploads\/2019\/12\/UE-AFRICA-BUSINESS-SUMMIT-2019-NAK-261x300.jpeg\" alt=\"\" width=\"261\" height=\"300\" srcset=\"https:\/\/www.valyans.com\/wp-content\/uploads\/2019\/12\/UE-AFRICA-BUSINESS-SUMMIT-2019-NAK-261x300.jpeg 261w, https:\/\/www.valyans.com\/wp-content\/uploads\/2019\/12\/UE-AFRICA-BUSINESS-SUMMIT-2019-NAK-890x1024.jpeg 890w, https:\/\/www.valyans.com\/wp-content\/uploads\/2019\/12\/UE-AFRICA-BUSINESS-SUMMIT-2019-NAK-174x200.jpeg 174w, https:\/\/www.valyans.com\/wp-content\/uploads\/2019\/12\/UE-AFRICA-BUSINESS-SUMMIT-2019-NAK.jpeg 949w\" sizes=\"auto, (max-width: 261px) 100vw, 261px\" \/><\/p>\n","protected":false},"excerpt":{"rendered":"<p>Valyans a \u00e9t\u00e9 le partenaire acad\u00e9mique du EU-Africa Business Summit 2019 qui s\u2019est tenu \u00e0 Marrakech et dont l\u2019objectif \u00e9tait de d\u00e9finir un partenariat \u00ab Win-Win \u00bb entre l\u2019Union Europ\u00e9enne et l\u2019Afrique. 200 leaders politiques et dirigeants d&#8217;entreprises europ\u00e9ennes et africaines s\u2019y sont r\u00e9unis pour discuter des opportunit\u00e9s politiques, \u00e9conomiques, sociales et environnementales autour du&#8230;<\/p>\n","protected":false},"author":2,"featured_media":1283,"comment_status":"closed","ping_status":"closed","sticky":false,"template":"","format":"standard","meta":{"footnotes":""},"categories":[17],"tags":[],"class_list":["post-1279","post","type-post","status-publish","format-standard","has-post-thumbnail","hentry","category-actualites"],"_links":{"self":[{"href":"https:\/\/www.valyans.com\/en\/wp-json\/wp\/v2\/posts\/1279","targetHints":{"allow":["GET"]}}],"collection":[{"href":"https:\/\/www.valyans.com\/en\/wp-json\/wp\/v2\/posts"}],"about":[{"href":"https:\/\/www.valyans.com\/en\/wp-json\/wp\/v2\/types\/post"}],"author":[{"embeddable":true,"href":"https:\/\/www.valyans.com\/en\/wp-json\/wp\/v2\/users\/2"}],"replies":[{"embeddable":true,"href":"https:\/\/www.valyans.com\/en\/wp-json\/wp\/v2\/comments?post=1279"}],"version-history":[{"count":2,"href":"https:\/\/www.valyans.com\/en\/wp-json\/wp\/v2\/posts\/1279\/revisions"}],"predecessor-version":[{"id":2483,"href":"https:\/\/www.valyans.com\/en\/wp-json\/wp\/v2\/posts\/1279\/revisions\/2483"}],"wp:featuredmedia":[{"embeddable":true,"href":"https:\/\/www.valyans.com\/en\/wp-json\/wp\/v2\/media\/1283"}],"wp:attachment":[{"href":"https:\/\/www.valyans.com\/en\/wp-json\/wp\/v2\/media?parent=1279"}],"wp:term":[{"taxonomy":"category","embeddable":true,"href":"https:\/\/www.valyans.com\/en\/wp-json\/wp\/v2\/categories?post=1279"},{"taxonomy":"post_tag","embeddable":true,"href":"https:\/\/www.valyans.com\/en\/wp-json\/wp\/v2\/tags?post=1279"}],"curies":[{"name":"wp","href":"https:\/\/api.w.org\/{rel}","templated":true}]}}